{"id":526,"date":"2024-12-17T09:34:26","date_gmt":"2024-12-17T08:34:26","guid":{"rendered":"https:\/\/association-repartir.fr\/repartir\/?p=526"},"modified":"2024-12-17T09:38:12","modified_gmt":"2024-12-17T08:38:12","slug":"gouter-de-noel","status":"publish","type":"post","link":"https:\/\/association-repartir.fr\/repartir\/index.php\/2024\/12\/17\/gouter-de-noel\/","title":{"rendered":"Go\u00fbter de No\u00ebl"},"content":{"rendered":"\n<p>Cette ann\u00e9e encore, l&rsquo;association Repartir a pu offrir un beau go\u00fbter de No\u00ebl aux b\u00e9n\u00e9ficiaires de son \u00e9picerie sociale.<br>Un bel \u00e9lan de solidarit\u00e9 a rendu cette f\u00eate possible. De la part des b\u00e9n\u00e9ficiaires ravis de la belle f\u00eate, je transmets un immense MERCI \u00e0 tous les donateurs qui ont rendu la f\u00eate possible.\u00a0<\/p>\n\n\n\n<figure class=\"wp-block-image size-large\"><img loading=\"lazy\" decoding=\"async\" width=\"1024\" height=\"576\" src=\"https:\/\/association-repartir.fr\/repartir\/wp-content\/uploads\/2024\/12\/1000021657-1024x576.jpg\" alt=\"\" class=\"wp-image-527\" srcset=\"https:\/\/association-repartir.fr\/repartir\/wp-content\/uploads\/2024\/12\/1000021657-1024x576.jpg 1024w, https:\/\/association-repartir.fr\/repartir\/wp-content\/uploads\/2024\/12\/1000021657-300x169.jpg 300w, https:\/\/association-repartir.fr\/repartir\/wp-content\/uploads\/2024\/12\/1000021657-768x432.jpg 768w, https:\/\/association-repartir.fr\/repartir\/wp-content\/uploads\/2024\/12\/1000021657.jpg 1080w\" sizes=\"auto, (max-width: 1024px) 100vw, 1024px\" \/><\/figure>\n\n\n\n<p>Les jolies tables pr\u00eates \u00e0 accueillir les invit\u00e9s gr\u00e2ce \u00e0 un don de serviettes au d\u00e9cor de No\u00ebl et les d\u00e9corations r\u00e9alis\u00e9es dans un atelier participatif.<\/p>\n\n\n\n<!--more-->\n\n\n\n<figure class=\"wp-block-image size-large\"><img loading=\"lazy\" decoding=\"async\" width=\"1024\" height=\"576\" src=\"https:\/\/association-repartir.fr\/repartir\/wp-content\/uploads\/2024\/12\/1000021658-1024x576.jpg\" alt=\"\" class=\"wp-image-528\" srcset=\"https:\/\/association-repartir.fr\/repartir\/wp-content\/uploads\/2024\/12\/1000021658-1024x576.jpg 1024w, https:\/\/association-repartir.fr\/repartir\/wp-content\/uploads\/2024\/12\/1000021658-300x169.jpg 300w, https:\/\/association-repartir.fr\/repartir\/wp-content\/uploads\/2024\/12\/1000021658-768x432.jpg 768w, https:\/\/association-repartir.fr\/repartir\/wp-content\/uploads\/2024\/12\/1000021658.jpg 1080w\" sizes=\"auto, (max-width: 1024px) 100vw, 1024px\" \/><\/figure>\n\n\n\n<p>Une cinquantaine de lots pour notre jeu Reparto. Lots constitu\u00e9s de dons re\u00e7us tout au long de l&rsquo;ann\u00e9e et sublim\u00e9s par une assistante du P\u00e8re-No\u00ebl pour l&rsquo;occasion. Aucun participant ne repartira les mains vides.<\/p>\n\n\n\n<figure class=\"wp-block-image size-large\"><img loading=\"lazy\" decoding=\"async\" width=\"1024\" height=\"576\" src=\"https:\/\/association-repartir.fr\/repartir\/wp-content\/uploads\/2024\/12\/1000021659-1024x576.jpg\" alt=\"\" class=\"wp-image-529\" srcset=\"https:\/\/association-repartir.fr\/repartir\/wp-content\/uploads\/2024\/12\/1000021659-1024x576.jpg 1024w, https:\/\/association-repartir.fr\/repartir\/wp-content\/uploads\/2024\/12\/1000021659-300x169.jpg 300w, https:\/\/association-repartir.fr\/repartir\/wp-content\/uploads\/2024\/12\/1000021659-768x432.jpg 768w, https:\/\/association-repartir.fr\/repartir\/wp-content\/uploads\/2024\/12\/1000021659.jpg 1080w\" sizes=\"auto, (max-width: 1024px) 100vw, 1024px\" \/><\/figure>\n\n\n\n<p>Les jouets, jeux et peluches r\u00e9cup\u00e9r\u00e9s lors de diff\u00e9rentes collectes dans le secteur feront des heureux parmi les plus jeunes.<\/p>\n","protected":false},"excerpt":{"rendered":"<p>Cette ann\u00e9e encore, l&rsquo;association Repartir a pu offrir un beau go\u00fbter de No\u00ebl aux b\u00e9n\u00e9ficiaires de son \u00e9picerie sociale.Un bel \u00e9lan de solidarit\u00e9 a rendu cette f\u00eate possible. De la part des b\u00e9n\u00e9ficiaires ravis de la belle f\u00eate, je transmets un immense MERCI \u00e0 tous les donateurs qui ont rendu la f\u00eate possible.\u00a0 Les jolies [&hellip;]<\/p>\n","protected":false},"author":3,"featured_media":0,"comment_status":"open","ping_status":"open","sticky":false,"template":"","format":"standard","meta":{"footnotes":""},"categories":[4],"tags":[],"class_list":["post-526","post","type-post","status-publish","format-standard","hentry","category-nos-actions"],"_links":{"self":[{"href":"https:\/\/association-repartir.fr\/repartir\/index.php\/wp-json\/wp\/v2\/posts\/526","targetHints":{"allow":["GET"]}}],"collection":[{"href":"https:\/\/association-repartir.fr\/repartir\/index.php\/wp-json\/wp\/v2\/posts"}],"about":[{"href":"https:\/\/association-repartir.fr\/repartir\/index.php\/wp-json\/wp\/v2\/types\/post"}],"author":[{"embeddable":true,"href":"https:\/\/association-repartir.fr\/repartir\/index.php\/wp-json\/wp\/v2\/users\/3"}],"replies":[{"embeddable":true,"href":"https:\/\/association-repartir.fr\/repartir\/index.php\/wp-json\/wp\/v2\/comments?post=526"}],"version-history":[{"count":1,"href":"https:\/\/association-repartir.fr\/repartir\/index.php\/wp-json\/wp\/v2\/posts\/526\/revisions"}],"predecessor-version":[{"id":530,"href":"https:\/\/association-repartir.fr\/repartir\/index.php\/wp-json\/wp\/v2\/posts\/526\/revisions\/530"}],"wp:attachment":[{"href":"https:\/\/association-repartir.fr\/repartir\/index.php\/wp-json\/wp\/v2\/media?parent=526"}],"wp:term":[{"taxonomy":"category","embeddable":true,"href":"https:\/\/association-repartir.fr\/repartir\/index.php\/wp-json\/wp\/v2\/categories?post=526"},{"taxonomy":"post_tag","embeddable":true,"href":"https:\/\/association-repartir.fr\/repartir\/index.php\/wp-json\/wp\/v2\/tags?post=526"}],"curies":[{"name":"wp","href":"https:\/\/api.w.org\/{rel}","templated":true}]}}