{"id":505,"date":"2024-04-22T11:55:52","date_gmt":"2024-04-22T09:55:52","guid":{"rendered":"https:\/\/association-repartir.fr\/repartir\/?p=505"},"modified":"2024-04-22T11:55:53","modified_gmt":"2024-04-22T09:55:53","slug":"soiree-disco","status":"publish","type":"post","link":"https:\/\/association-repartir.fr\/repartir\/index.php\/2024\/04\/22\/soiree-disco\/","title":{"rendered":"Soir\u00e9e Disco"},"content":{"rendered":"\n<figure class=\"wp-block-image size-large\"><img loading=\"lazy\" decoding=\"async\" width=\"1024\" height=\"768\" src=\"https:\/\/association-repartir.fr\/repartir\/wp-content\/uploads\/2024\/04\/1000016342-1024x768.jpg\" alt=\"\" class=\"wp-image-506\" srcset=\"https:\/\/association-repartir.fr\/repartir\/wp-content\/uploads\/2024\/04\/1000016342-1024x768.jpg 1024w, https:\/\/association-repartir.fr\/repartir\/wp-content\/uploads\/2024\/04\/1000016342-300x225.jpg 300w, https:\/\/association-repartir.fr\/repartir\/wp-content\/uploads\/2024\/04\/1000016342-768x576.jpg 768w, https:\/\/association-repartir.fr\/repartir\/wp-content\/uploads\/2024\/04\/1000016342-1536x1152.jpg 1536w, https:\/\/association-repartir.fr\/repartir\/wp-content\/uploads\/2024\/04\/1000016342.jpg 1600w\" sizes=\"auto, (max-width: 1024px) 100vw, 1024px\" \/><\/figure>\n\n\n\n<p>Denr\u00e9es r\u00e9colt\u00e9es au profit de Repartir par les jeunes du coll\u00e8ge de Lauterbourg et Seltz lors de leur soir\u00e9e \u00ab\u00a0disco\u00a0\u00bb \u00e0 Munchhausen samedi soir organis\u00e9e par la Communaut\u00e9 de communes de Seltz Delta de la Sauer.<\/p>\n","protected":false},"excerpt":{"rendered":"<p>Denr\u00e9es r\u00e9colt\u00e9es au profit de Repartir par les jeunes du coll\u00e8ge de Lauterbourg et Seltz lors de leur soir\u00e9e \u00ab\u00a0disco\u00a0\u00bb \u00e0 Munchhausen samedi soir organis\u00e9e par la Communaut\u00e9 de communes de Seltz Delta de la Sauer.<\/p>\n","protected":false},"author":1,"featured_media":0,"comment_status":"open","ping_status":"open","sticky":false,"template":"","format":"standard","meta":{"footnotes":""},"categories":[4],"tags":[],"class_list":["post-505","post","type-post","status-publish","format-standard","hentry","category-nos-actions"],"_links":{"self":[{"href":"https:\/\/association-repartir.fr\/repartir\/index.php\/wp-json\/wp\/v2\/posts\/505","targetHints":{"allow":["GET"]}}],"collection":[{"href":"https:\/\/association-repartir.fr\/repartir\/index.php\/wp-json\/wp\/v2\/posts"}],"about":[{"href":"https:\/\/association-repartir.fr\/repartir\/index.php\/wp-json\/wp\/v2\/types\/post"}],"author":[{"embeddable":true,"href":"https:\/\/association-repartir.fr\/repartir\/index.php\/wp-json\/wp\/v2\/users\/1"}],"replies":[{"embeddable":true,"href":"https:\/\/association-repartir.fr\/repartir\/index.php\/wp-json\/wp\/v2\/comments?post=505"}],"version-history":[{"count":1,"href":"https:\/\/association-repartir.fr\/repartir\/index.php\/wp-json\/wp\/v2\/posts\/505\/revisions"}],"predecessor-version":[{"id":507,"href":"https:\/\/association-repartir.fr\/repartir\/index.php\/wp-json\/wp\/v2\/posts\/505\/revisions\/507"}],"wp:attachment":[{"href":"https:\/\/association-repartir.fr\/repartir\/index.php\/wp-json\/wp\/v2\/media?parent=505"}],"wp:term":[{"taxonomy":"category","embeddable":true,"href":"https:\/\/association-repartir.fr\/repartir\/index.php\/wp-json\/wp\/v2\/categories?post=505"},{"taxonomy":"post_tag","embeddable":true,"href":"https:\/\/association-repartir.fr\/repartir\/index.php\/wp-json\/wp\/v2\/tags?post=505"}],"curies":[{"name":"wp","href":"https:\/\/api.w.org\/{rel}","templated":true}]}}