{"id":406,"date":"2023-09-22T13:48:56","date_gmt":"2023-09-22T11:48:56","guid":{"rendered":"https:\/\/association-repartir.fr\/repartir\/?p=406"},"modified":"2023-09-22T13:56:06","modified_gmt":"2023-09-22T11:56:06","slug":"portes-ouvertes","status":"publish","type":"post","link":"https:\/\/association-repartir.fr\/repartir\/index.php\/2023\/09\/22\/portes-ouvertes\/","title":{"rendered":"Portes ouvertes"},"content":{"rendered":"\n<p>Rendez-vous le dimanche 15 octobre 2023 de 10h \u00e0 16h \u00e0 l&rsquo;\u00e9picerie sociale Repartir :<\/p>\n\n\n\n<p>Tout au long de la journ\u00e9e :<\/p>\n\n\n\n<ul class=\"wp-block-list\">\n<li>Visite guid\u00e9e de l\u2019\u00e9picerie<\/li>\n\n\n\n<li>Mini-march\u00e9 aux puces<\/li>\n\n\n\n<li>Caf\u00e9 &#8211; G\u00e2teaux &#8211; Boissons<\/li>\n\n\n\n<li>Le midi : Poulets r\u00f4tis \u00e0 emporter (Uniquement sur commande avant le 10 octobre, aupr\u00e8s de Dominique au 06.74.02.81.11 ou de Marie-Rose au 06.01.77.35.11)<\/li>\n<\/ul>\n\n\n\n<figure class=\"wp-block-image size-full\"><a href=\"https:\/\/association-repartir.fr\/repartir\/index.php\/2023\/09\/22\/portes-ouvertes\/po23\/\"><img loading=\"lazy\" decoding=\"async\" width=\"593\" height=\"843\" src=\"https:\/\/association-repartir.fr\/repartir\/wp-content\/uploads\/2023\/09\/po23.png\" alt=\"\" class=\"wp-image-407\" srcset=\"https:\/\/association-repartir.fr\/repartir\/wp-content\/uploads\/2023\/09\/po23.png 593w, https:\/\/association-repartir.fr\/repartir\/wp-content\/uploads\/2023\/09\/po23-211x300.png 211w\" sizes=\"auto, (max-width: 593px) 100vw, 593px\" \/><\/a><\/figure>\n\n\n\n<div class=\"wp-block-file\"><a id=\"wp-block-file--media-c0c0f19f-0869-4936-8a6a-e6c41dd6692f\" href=\"https:\/\/association-repartir.fr\/repartir\/wp-content\/uploads\/2023\/09\/Affiche-JPO-Repartir-2023-pdf.pdf\">Affiche-JPO-Repartir-2023-pdf<\/a><a href=\"https:\/\/association-repartir.fr\/repartir\/wp-content\/uploads\/2023\/09\/Affiche-JPO-Repartir-2023-pdf.pdf\" class=\"wp-block-file__button wp-element-button\" download aria-describedby=\"wp-block-file--media-c0c0f19f-0869-4936-8a6a-e6c41dd6692f\">T\u00e9l\u00e9charger<\/a><\/div>\n","protected":false},"excerpt":{"rendered":"<p>Rendez-vous le dimanche 15 octobre 2023 de 10h \u00e0 16h \u00e0 l&rsquo;\u00e9picerie sociale Repartir : Tout au long de la journ\u00e9e :<\/p>\n","protected":false},"author":1,"featured_media":0,"comment_status":"open","ping_status":"open","sticky":false,"template":"","format":"standard","meta":{"footnotes":""},"categories":[4],"tags":[],"class_list":["post-406","post","type-post","status-publish","format-standard","hentry","category-nos-actions"],"_links":{"self":[{"href":"https:\/\/association-repartir.fr\/repartir\/index.php\/wp-json\/wp\/v2\/posts\/406","targetHints":{"allow":["GET"]}}],"collection":[{"href":"https:\/\/association-repartir.fr\/repartir\/index.php\/wp-json\/wp\/v2\/posts"}],"about":[{"href":"https:\/\/association-repartir.fr\/repartir\/index.php\/wp-json\/wp\/v2\/types\/post"}],"author":[{"embeddable":true,"href":"https:\/\/association-repartir.fr\/repartir\/index.php\/wp-json\/wp\/v2\/users\/1"}],"replies":[{"embeddable":true,"href":"https:\/\/association-repartir.fr\/repartir\/index.php\/wp-json\/wp\/v2\/comments?post=406"}],"version-history":[{"count":4,"href":"https:\/\/association-repartir.fr\/repartir\/index.php\/wp-json\/wp\/v2\/posts\/406\/revisions"}],"predecessor-version":[{"id":415,"href":"https:\/\/association-repartir.fr\/repartir\/index.php\/wp-json\/wp\/v2\/posts\/406\/revisions\/415"}],"wp:attachment":[{"href":"https:\/\/association-repartir.fr\/repartir\/index.php\/wp-json\/wp\/v2\/media?parent=406"}],"wp:term":[{"taxonomy":"category","embeddable":true,"href":"https:\/\/association-repartir.fr\/repartir\/index.php\/wp-json\/wp\/v2\/categories?post=406"},{"taxonomy":"post_tag","embeddable":true,"href":"https:\/\/association-repartir.fr\/repartir\/index.php\/wp-json\/wp\/v2\/tags?post=406"}],"curies":[{"name":"wp","href":"https:\/\/api.w.org\/{rel}","templated":true}]}}