{"id":387,"date":"2023-05-27T07:45:20","date_gmt":"2023-05-27T05:45:20","guid":{"rendered":"https:\/\/association-repartir.fr\/repartir\/?p=387"},"modified":"2023-05-27T07:45:21","modified_gmt":"2023-05-27T05:45:21","slug":"lassociation-repartir-a-distribue-plus-de-marchandises","status":"publish","type":"post","link":"https:\/\/association-repartir.fr\/repartir\/index.php\/2023\/05\/27\/lassociation-repartir-a-distribue-plus-de-marchandises\/","title":{"rendered":"L\u2019association Repartir a distribu\u00e9 plus de marchandises"},"content":{"rendered":"\n<p><strong>Jeudi 25\u00a0mai, dans la salle de r\u00e9union de la mairie de Wintzenbach, la 26<sup>e<\/sup>\u00a0assembl\u00e9e g\u00e9n\u00e9rale de l\u2019association Repartir a eu lieu. Une quarantaine de personnes y ont pris part, sous la pr\u00e9sidence de Martine Sutter.<\/strong><\/p>\n\n\n\n<figure class=\"wp-block-image size-large\"><img loading=\"lazy\" decoding=\"async\" width=\"1024\" height=\"664\" src=\"https:\/\/association-repartir.fr\/repartir\/wp-content\/uploads\/2023\/05\/rep270523-1024x664.jpg\" alt=\"\" class=\"wp-image-388\" srcset=\"https:\/\/association-repartir.fr\/repartir\/wp-content\/uploads\/2023\/05\/rep270523-1024x664.jpg 1024w, https:\/\/association-repartir.fr\/repartir\/wp-content\/uploads\/2023\/05\/rep270523-300x195.jpg 300w, https:\/\/association-repartir.fr\/repartir\/wp-content\/uploads\/2023\/05\/rep270523-768x498.jpg 768w, https:\/\/association-repartir.fr\/repartir\/wp-content\/uploads\/2023\/05\/rep270523.jpg 1387w\" sizes=\"auto, (max-width: 1024px) 100vw, 1024px\" \/><figcaption>De gauche \u00e0 droite\u00a0: le vice-pr\u00e9sident Edmond Gross, la pr\u00e9sidente Martine Sutter et la tr\u00e9sori\u00e8re Marie-Rose Grossmann (Photo DNA)<\/figcaption><\/figure>\n\n\n\n<p>La pr\u00e9sidente de l\u2019association Martine Sutter a d\u2019abord accueilli le public et les \u00e9lus pr\u00e9sents, remerciant au passage le maire Fabien Joerger pour la mise \u00e0 disposition de la salle. La conseill\u00e8re r\u00e9gionale \u00c9velyne Isinger a aussi pris part \u00e0 l\u2019assembl\u00e9e.<\/p>\n\n\n\n<!--more-->\n\n\n\n<p>Dans son rapport moral, Martine Sutter a pr\u00e9cis\u00e9 quelques points. Ainsi, malgr\u00e9 l\u2019explosion de la consommation \u00e9lectrique certains mois, le budget s\u2019est av\u00e9r\u00e9 quasiment \u00e9quilibr\u00e9. Si le nombre de familles accueillies \u00e0 l\u2019\u00e9picerie est une fois de plus en l\u00e9g\u00e8re hausse, soit 120, ce qui repr\u00e9sente 334 b\u00e9n\u00e9ficiaires, le tonnage de marchandises distribu\u00e9es a beaucoup augment\u00e9, avec 42,38 tonnes, contre 37\u00a0tonnes l\u2019ann\u00e9e d\u2019avant.<\/p>\n\n\n\n<h2 class=\"wp-block-heading\">L\u2019\u00e9picerie ouvrira le mercredi matin<\/h2>\n\n\n\n<p>Ces produits proviennent \u00e0 58,4&nbsp;% de la Banque alimentaire, et \u00e0 37,4&nbsp;% de la grande distribution, notamment du Super U de Seltz. Par ailleurs, le mode de fonctionnement de l\u2019\u00e9picerie a \u00e9t\u00e9 r\u00e9adapt\u00e9. Elle compte d\u00e9sormais trois salari\u00e9s et les ateliers de redynamisation sont redevenus.<\/p>\n\n\n\n<p>Enfin, la pr\u00e9sidente a \u00e9voqu\u00e9 la situation actuelle. Sous peu, l\u2019\u00e9picerie fonctionnera aussi le mercredi matin et le d\u00e9fi est maintenant de trouver de nouvelles sources d\u2019approvisionnement, voire d\u2019acheter certaines denr\u00e9es, comme la viande, pour r\u00e9pondre \u00e0 la demande.<\/p>\n\n\n\n<h2 class=\"wp-block-heading\">62 familles b\u00e9n\u00e9ficiaires plus d\u2019un an<\/h2>\n\n\n\n<p>Le vice-pr\u00e9sident Edmond Gross et Esthel Spiegel ont ensuite \u00e9voqu\u00e9 le rapport d\u2019activit\u00e9 de l\u2019association et de l\u2019\u00e9picerie, o\u00f9 62 familles sont rest\u00e9es b\u00e9n\u00e9ficiaires plus d\u2019un an, notamment des retrait\u00e9s et des personnes fortement endett\u00e9es.<\/p>\n\n\n\n<p>Puis les rapports financiers et le budget pr\u00e9visionnel 2023 ont \u00e9t\u00e9 pr\u00e9sent\u00e9s par la tr\u00e9sori\u00e8re Marie-Rose Grossmann et le cabinet d\u2019expertise Mazars.<\/p>\n\n\n\n<p>Apr\u00e8s un \u00e9change avec l\u2019assistance, des questions, des r\u00e9ponses, des suggestions, Martine Sutter a remerci\u00e9 les partenaires et b\u00e9n\u00e9voles. La mairie de Wintzenbach a invit\u00e9 les participants \u00e0 partager le verre de l\u2019amiti\u00e9.<\/p>\n","protected":false},"excerpt":{"rendered":"<p>Jeudi 25\u00a0mai, dans la salle de r\u00e9union de la mairie de Wintzenbach, la 26e\u00a0assembl\u00e9e g\u00e9n\u00e9rale de l\u2019association Repartir a eu lieu. Une quarantaine de personnes y ont pris part, sous la pr\u00e9sidence de Martine Sutter. La pr\u00e9sidente de l\u2019association Martine Sutter a d\u2019abord accueilli le public et les \u00e9lus pr\u00e9sents, remerciant au passage le maire [&hellip;]<\/p>\n","protected":false},"author":1,"featured_media":0,"comment_status":"open","ping_status":"open","sticky":false,"template":"","format":"standard","meta":{"footnotes":""},"categories":[4],"tags":[],"class_list":["post-387","post","type-post","status-publish","format-standard","hentry","category-nos-actions"],"_links":{"self":[{"href":"https:\/\/association-repartir.fr\/repartir\/index.php\/wp-json\/wp\/v2\/posts\/387","targetHints":{"allow":["GET"]}}],"collection":[{"href":"https:\/\/association-repartir.fr\/repartir\/index.php\/wp-json\/wp\/v2\/posts"}],"about":[{"href":"https:\/\/association-repartir.fr\/repartir\/index.php\/wp-json\/wp\/v2\/types\/post"}],"author":[{"embeddable":true,"href":"https:\/\/association-repartir.fr\/repartir\/index.php\/wp-json\/wp\/v2\/users\/1"}],"replies":[{"embeddable":true,"href":"https:\/\/association-repartir.fr\/repartir\/index.php\/wp-json\/wp\/v2\/comments?post=387"}],"version-history":[{"count":1,"href":"https:\/\/association-repartir.fr\/repartir\/index.php\/wp-json\/wp\/v2\/posts\/387\/revisions"}],"predecessor-version":[{"id":389,"href":"https:\/\/association-repartir.fr\/repartir\/index.php\/wp-json\/wp\/v2\/posts\/387\/revisions\/389"}],"wp:attachment":[{"href":"https:\/\/association-repartir.fr\/repartir\/index.php\/wp-json\/wp\/v2\/media?parent=387"}],"wp:term":[{"taxonomy":"category","embeddable":true,"href":"https:\/\/association-repartir.fr\/repartir\/index.php\/wp-json\/wp\/v2\/categories?post=387"},{"taxonomy":"post_tag","embeddable":true,"href":"https:\/\/association-repartir.fr\/repartir\/index.php\/wp-json\/wp\/v2\/tags?post=387"}],"curies":[{"name":"wp","href":"https:\/\/api.w.org\/{rel}","templated":true}]}}