{"id":371,"date":"2022-06-04T15:56:18","date_gmt":"2022-06-04T13:56:18","guid":{"rendered":"https:\/\/association-repartir.fr\/repartir\/?p=371"},"modified":"2022-06-04T15:59:06","modified_gmt":"2022-06-04T13:59:06","slug":"lassociation-repartir-aide-de-plus-en-plus-de-familles","status":"publish","type":"post","link":"https:\/\/association-repartir.fr\/repartir\/index.php\/2022\/06\/04\/lassociation-repartir-aide-de-plus-en-plus-de-familles\/","title":{"rendered":"De plus en plus de familles"},"content":{"rendered":"\n<p>L\u2019assembl\u00e9e g\u00e9n\u00e9rale ordinaire de l\u2019association Repartir s\u2019est d\u00e9roul\u00e9e, mardi soir, \u00e0 l\u2019Escal, la salle polyvalente de Betschdorf. Pr\u00e8s d\u2019une cinquantaine de personnes ont r\u00e9pondu \u00e0 l\u2019invitation.<\/p>\n\n\n\n<div class=\"wp-block-image\"><figure class=\"aligncenter size-full\"><img loading=\"lazy\" decoding=\"async\" width=\"1000\" height=\"500\" src=\"https:\/\/association-repartir.fr\/repartir\/wp-content\/uploads\/2022\/06\/040622-1.jpg\" alt=\"\" class=\"wp-image-372\" srcset=\"https:\/\/association-repartir.fr\/repartir\/wp-content\/uploads\/2022\/06\/040622-1.jpg 1000w, https:\/\/association-repartir.fr\/repartir\/wp-content\/uploads\/2022\/06\/040622-1-300x150.jpg 300w, https:\/\/association-repartir.fr\/repartir\/wp-content\/uploads\/2022\/06\/040622-1-768x384.jpg 768w\" sizes=\"auto, (max-width: 1000px) 100vw, 1000px\" \/><figcaption>De gauche \u00e0 droite&nbsp;: Karine Mockers, secr\u00e9taire, Martine Sutter, pr\u00e9sidente, et Marie-Rose Grossmann, tr\u00e9sori\u00e8re de l\u2019association.&nbsp; Photo DNA<\/figcaption><\/figure><\/div>\n\n\n\n<!--more-->\n\n\n\n<p>Martine Sutter, la pr\u00e9sidente de l\u2019association Repartir, a fait part du rapport d\u2019activit\u00e9 de 2021, premi\u00e8re ann\u00e9e compl\u00e8te de fonctionnement de l\u2019\u00e9picerie sociale \u00e0 Schaffhouse-pr\u00e8s-Seltz. Alors que l\u2019association occupait jusque-l\u00e0 gracieusement des locaux mis \u00e0 disposition par la commune de Lauterbourg, elle a maintenant un loyer \u00e0 payer, ce qui laissait craindre un vrai d\u00e9fi budg\u00e9taire.<\/p>\n\n\n\n<h2 class=\"wp-block-heading\">Le bilan tr\u00e8s positif des nouveaux locaux<\/h2>\n\n\n\n<p>Le bilan de l\u2019utilisation et la fonctionnalit\u00e9 des nouveaux locaux est compl\u00e8tement positif&nbsp;: les locaux permettent un accueil dans des conditions dignes, agr\u00e9ables, la configuration permet de s\u2019isoler pour des entretiens individuels avec les b\u00e9n\u00e9ficiaires, le stockage peut se faire facilement,&nbsp;etc.<\/p>\n\n\n\n<p>Si le nombre de familles aid\u00e9es (115) est rest\u00e9 stable par rapport aux exercices pr\u00e9c\u00e9dents, les marchandises distribu\u00e9es ont \u00e9t\u00e9 en nette hausse (37,1 tonnes). Ces marchandises ont \u00e9t\u00e9 fournies notamment par la Banque Alimentaire (57,3&nbsp;%) et les distributeurs (36,8&nbsp;%). Parmi ces derniers, Martine Sutter s\u2019est f\u00e9licit\u00e9e de l\u2019excellent partenariat \u00e9tabli avec le Super U de Seltz ou encore avec la boulangerie Schneider de Mothern.<\/p>\n\n\n\n<p>Enfin, avec la r\u00e9duction quasi impos\u00e9e de la masse salariale, les b\u00e9n\u00e9voles ont \u00e9t\u00e9 tr\u00e8s sollicit\u00e9s. Par contre, du fait de la pand\u00e9mie, les ateliers de redynamisation n\u2019ont pratiquement pas pu fonctionner.<\/p>\n\n\n\n<h2 class=\"wp-block-heading\">Une explosion du nombre de b\u00e9n\u00e9ficiaires<\/h2>\n\n\n\n<p>Martine Sutter a ensuite fait part des principaux objectifs retenus pour 2022&nbsp;: faire absolument red\u00e9marrer les ateliers (comme pr\u00e9vu dans les textes et l\u2019engagement conclu avec les b\u00e9n\u00e9ficiaires) et endiguer le d\u00e9ficit en engageant un \u00ab&nbsp;emploi contrat aid\u00e9&nbsp;\u00bb.<\/p>\n\n\n\n<p>Elle a termin\u00e9 par un zoom sur la situation actuelle, l\u2019explosion du nombre de familles b\u00e9n\u00e9ficiaires depuis ce d\u00e9but d\u2019ann\u00e9e (et une part croissante de retrait\u00e9s), au point que l\u2019\u00e9picerie doit maintenant fonctionner aussi le mercredi matin.<\/p>\n\n\n\n<p>Marie-Rose Grossmann a ensuite pr\u00e9sent\u00e9 les rapports financiers (avec un d\u00e9ficit av\u00e9r\u00e9 d\u2019un peu plus de 5&nbsp;000&nbsp;\u20ac, mais nettement moindre que ce que les membres pouvaient craindre) et le budget pr\u00e9visionnel, puis le repr\u00e9sentant du cabinet Mazars a fait part de son rapport d\u2019audit.<\/p>\n","protected":false},"excerpt":{"rendered":"<p>L\u2019assembl\u00e9e g\u00e9n\u00e9rale ordinaire de l\u2019association Repartir s\u2019est d\u00e9roul\u00e9e, mardi soir, \u00e0 l\u2019Escal, la salle polyvalente de Betschdorf. Pr\u00e8s d\u2019une cinquantaine de personnes ont r\u00e9pondu \u00e0 l\u2019invitation.<\/p>\n","protected":false},"author":1,"featured_media":0,"comment_status":"open","ping_status":"open","sticky":false,"template":"","format":"standard","meta":{"footnotes":""},"categories":[4],"tags":[],"class_list":["post-371","post","type-post","status-publish","format-standard","hentry","category-nos-actions"],"_links":{"self":[{"href":"https:\/\/association-repartir.fr\/repartir\/index.php\/wp-json\/wp\/v2\/posts\/371","targetHints":{"allow":["GET"]}}],"collection":[{"href":"https:\/\/association-repartir.fr\/repartir\/index.php\/wp-json\/wp\/v2\/posts"}],"about":[{"href":"https:\/\/association-repartir.fr\/repartir\/index.php\/wp-json\/wp\/v2\/types\/post"}],"author":[{"embeddable":true,"href":"https:\/\/association-repartir.fr\/repartir\/index.php\/wp-json\/wp\/v2\/users\/1"}],"replies":[{"embeddable":true,"href":"https:\/\/association-repartir.fr\/repartir\/index.php\/wp-json\/wp\/v2\/comments?post=371"}],"version-history":[{"count":2,"href":"https:\/\/association-repartir.fr\/repartir\/index.php\/wp-json\/wp\/v2\/posts\/371\/revisions"}],"predecessor-version":[{"id":375,"href":"https:\/\/association-repartir.fr\/repartir\/index.php\/wp-json\/wp\/v2\/posts\/371\/revisions\/375"}],"wp:attachment":[{"href":"https:\/\/association-repartir.fr\/repartir\/index.php\/wp-json\/wp\/v2\/media?parent=371"}],"wp:term":[{"taxonomy":"category","embeddable":true,"href":"https:\/\/association-repartir.fr\/repartir\/index.php\/wp-json\/wp\/v2\/categories?post=371"},{"taxonomy":"post_tag","embeddable":true,"href":"https:\/\/association-repartir.fr\/repartir\/index.php\/wp-json\/wp\/v2\/tags?post=371"}],"curies":[{"name":"wp","href":"https:\/\/api.w.org\/{rel}","templated":true}]}}