{"id":200,"date":"2020-12-19T09:18:55","date_gmt":"2020-12-19T08:18:55","guid":{"rendered":"https:\/\/association-repartir.fr\/repartir\/?p=200"},"modified":"2020-12-19T15:03:43","modified_gmt":"2020-12-19T14:03:43","slug":"le-circuit-tres-court-de-la-generosite","status":"publish","type":"post","link":"https:\/\/association-repartir.fr\/repartir\/index.php\/2020\/12\/19\/le-circuit-tres-court-de-la-generosite\/","title":{"rendered":"Le circuit tr\u00e8s court de la g\u00e9n\u00e9rosit\u00e9"},"content":{"rendered":"\n<p>Dans la mouvance des nouveaux modes de consommation et de solidarit\u00e9, l\u2019association Repartir a eu, r\u00e9cemment, le plaisir de toucher plusieurs dons particuli\u00e8rement marquants.<\/p>\n\n\n\n<figure class=\"wp-block-image size-large\"><img loading=\"lazy\" decoding=\"async\" width=\"1000\" height=\"500\" src=\"https:\/\/association-repartir.fr\/repartir\/wp-content\/uploads\/2020\/12\/191220.jpg\" alt=\"\" class=\"wp-image-201\" srcset=\"https:\/\/association-repartir.fr\/repartir\/wp-content\/uploads\/2020\/12\/191220.jpg 1000w, https:\/\/association-repartir.fr\/repartir\/wp-content\/uploads\/2020\/12\/191220-300x150.jpg 300w, https:\/\/association-repartir.fr\/repartir\/wp-content\/uploads\/2020\/12\/191220-768x384.jpg 768w\" sizes=\"auto, (max-width: 1000px) 100vw, 1000px\" \/><figcaption>De gauche \u00e0 droite&nbsp;: Vicky Eichenlaub, repr\u00e9sentante de Roquette Fr\u00e8res a remis \u00e0 Edmond Gross, vice-pr\u00e9sident de l\u2019association et Marie-Rose Grossmann, tr\u00e9sori\u00e8re de l\u2019association, le fruit de la collecte alimentaire.&nbsp; Photo DNA<\/figcaption><\/figure>\n\n\n\n<p class=\"has-drop-cap\">Ces dons sont marquants parce qu\u2019ils proviennent d\u2019une part d\u2019entreprises qui ont voulu s\u2019engager dans la g\u00e9n\u00e9rosit\u00e9 de proximit\u00e9, et d\u2019autre part de particuliers s\u00e9duits par le concept nouveau des \u00ab&nbsp;Bo\u00eetes de No\u00ebl&nbsp;\u00bb. Pour les entreprises et leurs salari\u00e9s, comme pour tout un chacun, c\u2019est une fa\u00e7on in\u00e9dite de partager, de rester solidaire avec son prochain, tout en essayant d\u2019am\u00e9liorer le quotidien des plus pr\u00e9caires dans la proximit\u00e9 imm\u00e9diate.<\/p>\n\n\n\n<!--more-->\n\n\n\n<h2 class=\"wp-block-heading\">Entreprises, particuliers, paroisse protestante, p\u00e9riscolaire et m\u00e9diath\u00e8que se mobilisent<\/h2>\n\n\n\n<p>Deux entreprises de Beinheim, Catalent et Roquette, ont organis\u00e9 une \u00ab&nbsp;banque alimentaire&nbsp;\u00bb en leur sein. Dans la premi\u00e8re, l\u2019association a pu r\u00e9cup\u00e9rer avec gratitude une soixantaine de kilos de dons. Dans la deuxi\u00e8me, mener une action solidaire a \u00e9t\u00e9 un objectif et un engagement fix\u00e9 par la direction du groupe. L\u2019initiative, pilot\u00e9e localement par J\u00e9r\u00e9my Loeb, directeur de l\u2019usine de Beinheim, a permis dans un premier temps de collecter aupr\u00e8s des 250 salari\u00e9s de l\u2019entreprise plus de 160&nbsp;kg de denr\u00e9es alimentaires (ainsi que quelques jouets, qui feront eux aussi le bonheur des enfants des familles en grande difficult\u00e9).<\/p>\n\n\n\n<p>De ce fait, mardi 15&nbsp;d\u00e9cembre, Vicky Eichenlaub, assistante aux ressources humaines, a livr\u00e9, au nom de l\u2019entreprise Roquette, les sacs et cartons de denr\u00e9es directement dans les locaux de l\u2019association \u00e0 Schaffhouse. Elle a aussi eu le plaisir d\u2019annoncer que la direction, qui s\u2019\u00e9tait engag\u00e9e \u00e0 faire un don corr\u00e9l\u00e9 au poids des denr\u00e9es collect\u00e9es, va verser un ch\u00e8que de 800&nbsp;\u20ac \u00e0 Repartir, ch\u00e8que qui servira \u00e0 financer la plaque de cuisson dont l\u2019association a besoin pour \u00e9quiper la future cuisine p\u00e9dagogique.<\/p>\n\n\n\n<p>L\u2019op\u00e9ration Bo\u00eetes de No\u00ebl pour les plus d\u00e9munis, lanc\u00e9e sur les r\u00e9seaux sociaux, a \u00e9mu un large public. Audrey Amann, une des organisatrices de cette op\u00e9ration en Alsace du Nord, a propos\u00e9 \u00e0 l\u2019association de r\u00e9cup\u00e9rer plus de 330 colis rassembl\u00e9s aux points de collecte de Wissembourg et Mothern.<\/p>\n\n\n\n<p>Enfin, la paroisse protestante de Hunspach a fait don d\u2019une cinquantaine de Bo\u00eetes de No\u00ebl purement alimentaires.<\/p>\n\n\n\n<h2 class=\"wp-block-heading\">Des jouets pour les enfants<\/h2>\n\n\n\n<p>Mais No\u00ebl c\u2019est avant tout, pour les enfants, les jouets&nbsp;! Tous ceux collect\u00e9s courant 2019 par la m\u00e9diath\u00e8que et le p\u00e9riscolaire de Seltz, ainsi que par la paroisse protestante de Niederroedern, vont faire la joie des petits.<\/p>\n\n\n\n<figure class=\"wp-block-image size-large\"><img loading=\"lazy\" decoding=\"async\" width=\"1000\" height=\"500\" src=\"https:\/\/association-repartir.fr\/repartir\/wp-content\/uploads\/2020\/12\/191220-1.jpg\" alt=\"\" class=\"wp-image-202\" srcset=\"https:\/\/association-repartir.fr\/repartir\/wp-content\/uploads\/2020\/12\/191220-1.jpg 1000w, https:\/\/association-repartir.fr\/repartir\/wp-content\/uploads\/2020\/12\/191220-1-300x150.jpg 300w, https:\/\/association-repartir.fr\/repartir\/wp-content\/uploads\/2020\/12\/191220-1-768x384.jpg 768w\" sizes=\"auto, (max-width: 1000px) 100vw, 1000px\" \/><figcaption>De gauche \u00e0 droite : Edmond Gross, vice-pr\u00e9sident de l&rsquo;association, Vicky Eichenlaub, repr\u00e9sentante de Roquette Fr\u00e8res et Marie-Rose Grossmann, tr\u00e9sori\u00e8re de l&rsquo;association.&nbsp; Photo DNA<\/figcaption><\/figure>\n\n\n\n<p>Car tous les b\u00e9n\u00e9ficiaires de l\u2019\u00e9picerie sociale, ceux actuellement inscrits et ceux qui durant l\u2019ann\u00e9e \u00e9coul\u00e9e y ont \u00e9t\u00e9 admis, sont invit\u00e9s \u2013 non pas \u00e0 une f\u00eate de No\u00ebl, annul\u00e9e en raison de la situation sanitaire \u2013 \u00e0 passer \u00e0 l\u2019association pour choisir un cadeau et\/ou des jouets. Chaque membre de chacune des plus de 120 familles concern\u00e9es va donc se voir offrir un cadeau, colis ou jouet.<\/p>\n\n\n\n<figure class=\"wp-block-gallery columns-3 is-cropped wp-block-gallery-1 is-layout-flex wp-block-gallery-is-layout-flex\"><ul class=\"blocks-gallery-grid\"><li class=\"blocks-gallery-item\"><figure><img loading=\"lazy\" decoding=\"async\" width=\"1024\" height=\"576\" src=\"https:\/\/association-repartir.fr\/repartir\/wp-content\/uploads\/2020\/12\/IMG-20201219-WA0000-1024x576.jpg\" alt=\"\" data-id=\"208\" data-full-url=\"https:\/\/association-repartir.fr\/repartir\/wp-content\/uploads\/2020\/12\/IMG-20201219-WA0000.jpg\" data-link=\"https:\/\/association-repartir.fr\/repartir\/index.php\/2020\/12\/19\/le-circuit-tres-court-de-la-generosite\/img-20201219-wa0000\/\" class=\"wp-image-208\" srcset=\"https:\/\/association-repartir.fr\/repartir\/wp-content\/uploads\/2020\/12\/IMG-20201219-WA0000-1024x576.jpg 1024w, https:\/\/association-repartir.fr\/repartir\/wp-content\/uploads\/2020\/12\/IMG-20201219-WA0000-300x169.jpg 300w, https:\/\/association-repartir.fr\/repartir\/wp-content\/uploads\/2020\/12\/IMG-20201219-WA0000-768x432.jpg 768w, https:\/\/association-repartir.fr\/repartir\/wp-content\/uploads\/2020\/12\/IMG-20201219-WA0000.jpg 1328w\" sizes=\"auto, (max-width: 1024px) 100vw, 1024px\" \/><\/figure><\/li><li class=\"blocks-gallery-item\"><figure><img loading=\"lazy\" decoding=\"async\" width=\"1024\" height=\"576\" src=\"https:\/\/association-repartir.fr\/repartir\/wp-content\/uploads\/2020\/12\/IMG-20201219-WA0001-1024x576.jpg\" alt=\"\" data-id=\"209\" data-full-url=\"https:\/\/association-repartir.fr\/repartir\/wp-content\/uploads\/2020\/12\/IMG-20201219-WA0001.jpg\" data-link=\"https:\/\/association-repartir.fr\/repartir\/index.php\/2020\/12\/19\/le-circuit-tres-court-de-la-generosite\/img-20201219-wa0001\/\" class=\"wp-image-209\" srcset=\"https:\/\/association-repartir.fr\/repartir\/wp-content\/uploads\/2020\/12\/IMG-20201219-WA0001-1024x576.jpg 1024w, https:\/\/association-repartir.fr\/repartir\/wp-content\/uploads\/2020\/12\/IMG-20201219-WA0001-300x169.jpg 300w, https:\/\/association-repartir.fr\/repartir\/wp-content\/uploads\/2020\/12\/IMG-20201219-WA0001-768x432.jpg 768w, https:\/\/association-repartir.fr\/repartir\/wp-content\/uploads\/2020\/12\/IMG-20201219-WA0001.jpg 1328w\" sizes=\"auto, (max-width: 1024px) 100vw, 1024px\" \/><\/figure><\/li><li class=\"blocks-gallery-item\"><figure><img loading=\"lazy\" decoding=\"async\" width=\"576\" height=\"1024\" src=\"https:\/\/association-repartir.fr\/repartir\/wp-content\/uploads\/2020\/12\/IMG-20201219-WA0002-576x1024.jpg\" alt=\"\" data-id=\"210\" data-full-url=\"https:\/\/association-repartir.fr\/repartir\/wp-content\/uploads\/2020\/12\/IMG-20201219-WA0002.jpg\" data-link=\"https:\/\/association-repartir.fr\/repartir\/index.php\/2020\/12\/19\/le-circuit-tres-court-de-la-generosite\/img-20201219-wa0002\/\" class=\"wp-image-210\" srcset=\"https:\/\/association-repartir.fr\/repartir\/wp-content\/uploads\/2020\/12\/IMG-20201219-WA0002-576x1024.jpg 576w, https:\/\/association-repartir.fr\/repartir\/wp-content\/uploads\/2020\/12\/IMG-20201219-WA0002-169x300.jpg 169w, https:\/\/association-repartir.fr\/repartir\/wp-content\/uploads\/2020\/12\/IMG-20201219-WA0002.jpg 747w\" sizes=\"auto, (max-width: 576px) 100vw, 576px\" \/><\/figure><\/li><li class=\"blocks-gallery-item\"><figure><img loading=\"lazy\" decoding=\"async\" width=\"1024\" height=\"576\" src=\"https:\/\/association-repartir.fr\/repartir\/wp-content\/uploads\/2020\/12\/IMG-20201219-WA0003-1024x576.jpg\" alt=\"\" data-id=\"211\" data-full-url=\"https:\/\/association-repartir.fr\/repartir\/wp-content\/uploads\/2020\/12\/IMG-20201219-WA0003.jpg\" data-link=\"https:\/\/association-repartir.fr\/repartir\/index.php\/2020\/12\/19\/le-circuit-tres-court-de-la-generosite\/img-20201219-wa0003\/\" class=\"wp-image-211\" srcset=\"https:\/\/association-repartir.fr\/repartir\/wp-content\/uploads\/2020\/12\/IMG-20201219-WA0003-1024x576.jpg 1024w, https:\/\/association-repartir.fr\/repartir\/wp-content\/uploads\/2020\/12\/IMG-20201219-WA0003-300x169.jpg 300w, https:\/\/association-repartir.fr\/repartir\/wp-content\/uploads\/2020\/12\/IMG-20201219-WA0003-768x432.jpg 768w, https:\/\/association-repartir.fr\/repartir\/wp-content\/uploads\/2020\/12\/IMG-20201219-WA0003.jpg 1328w\" sizes=\"auto, (max-width: 1024px) 100vw, 1024px\" \/><\/figure><\/li><li class=\"blocks-gallery-item\"><figure><img loading=\"lazy\" decoding=\"async\" width=\"1024\" height=\"576\" src=\"https:\/\/association-repartir.fr\/repartir\/wp-content\/uploads\/2020\/12\/IMG-20201219-WA0004-1024x576.jpg\" alt=\"\" data-id=\"212\" data-full-url=\"https:\/\/association-repartir.fr\/repartir\/wp-content\/uploads\/2020\/12\/IMG-20201219-WA0004.jpg\" data-link=\"https:\/\/association-repartir.fr\/repartir\/index.php\/2020\/12\/19\/le-circuit-tres-court-de-la-generosite\/img-20201219-wa0004\/\" class=\"wp-image-212\" srcset=\"https:\/\/association-repartir.fr\/repartir\/wp-content\/uploads\/2020\/12\/IMG-20201219-WA0004-1024x576.jpg 1024w, https:\/\/association-repartir.fr\/repartir\/wp-content\/uploads\/2020\/12\/IMG-20201219-WA0004-300x169.jpg 300w, https:\/\/association-repartir.fr\/repartir\/wp-content\/uploads\/2020\/12\/IMG-20201219-WA0004-768x432.jpg 768w, https:\/\/association-repartir.fr\/repartir\/wp-content\/uploads\/2020\/12\/IMG-20201219-WA0004.jpg 1328w\" sizes=\"auto, (max-width: 1024px) 100vw, 1024px\" \/><\/figure><\/li><\/ul><\/figure>\n\n\n\n<p>Au-del\u00e0 de la symbolique du geste, c\u2019est la g\u00e9n\u00e9rosit\u00e9 spontan\u00e9e qui touche les b\u00e9n\u00e9ficiaires, leur met du baume au c\u0153ur et leur redonne du courage.<\/p>\n","protected":false},"excerpt":{"rendered":"<p>Dans la mouvance des nouveaux modes de consommation et de solidarit\u00e9, l\u2019association Repartir a eu, r\u00e9cemment, le plaisir de toucher plusieurs dons particuli\u00e8rement marquants. Ces dons sont marquants parce qu\u2019ils proviennent d\u2019une part d\u2019entreprises qui ont voulu s\u2019engager dans la g\u00e9n\u00e9rosit\u00e9 de proximit\u00e9, et d\u2019autre part de particuliers s\u00e9duits par le concept nouveau des \u00ab&nbsp;Bo\u00eetes [&hellip;]<\/p>\n","protected":false},"author":1,"featured_media":0,"comment_status":"open","ping_status":"open","sticky":false,"template":"","format":"standard","meta":{"footnotes":""},"categories":[4],"tags":[],"class_list":["post-200","post","type-post","status-publish","format-standard","hentry","category-nos-actions"],"_links":{"self":[{"href":"https:\/\/association-repartir.fr\/repartir\/index.php\/wp-json\/wp\/v2\/posts\/200","targetHints":{"allow":["GET"]}}],"collection":[{"href":"https:\/\/association-repartir.fr\/repartir\/index.php\/wp-json\/wp\/v2\/posts"}],"about":[{"href":"https:\/\/association-repartir.fr\/repartir\/index.php\/wp-json\/wp\/v2\/types\/post"}],"author":[{"embeddable":true,"href":"https:\/\/association-repartir.fr\/repartir\/index.php\/wp-json\/wp\/v2\/users\/1"}],"replies":[{"embeddable":true,"href":"https:\/\/association-repartir.fr\/repartir\/index.php\/wp-json\/wp\/v2\/comments?post=200"}],"version-history":[{"count":4,"href":"https:\/\/association-repartir.fr\/repartir\/index.php\/wp-json\/wp\/v2\/posts\/200\/revisions"}],"predecessor-version":[{"id":213,"href":"https:\/\/association-repartir.fr\/repartir\/index.php\/wp-json\/wp\/v2\/posts\/200\/revisions\/213"}],"wp:attachment":[{"href":"https:\/\/association-repartir.fr\/repartir\/index.php\/wp-json\/wp\/v2\/media?parent=200"}],"wp:term":[{"taxonomy":"category","embeddable":true,"href":"https:\/\/association-repartir.fr\/repartir\/index.php\/wp-json\/wp\/v2\/categories?post=200"},{"taxonomy":"post_tag","embeddable":true,"href":"https:\/\/association-repartir.fr\/repartir\/index.php\/wp-json\/wp\/v2\/tags?post=200"}],"curies":[{"name":"wp","href":"https:\/\/api.w.org\/{rel}","templated":true}]}}