{"id":184,"date":"2020-10-23T08:34:14","date_gmt":"2020-10-23T06:34:14","guid":{"rendered":"https:\/\/association-repartir.fr\/repartir\/?p=184"},"modified":"2020-10-23T12:42:45","modified_gmt":"2020-10-23T10:42:45","slug":"lepicerie-sociale-repartir-a-demenage","status":"publish","type":"post","link":"https:\/\/association-repartir.fr\/repartir\/index.php\/2020\/10\/23\/lepicerie-sociale-repartir-a-demenage\/","title":{"rendered":"L\u2019\u00e9picerie sociale Repartir a d\u00e9m\u00e9nag\u00e9"},"content":{"rendered":"\n<div class=\"wp-block-group\"><div class=\"wp-block-group__inner-container is-layout-flow wp-block-group-is-layout-flow\">\n<p class=\"has-drop-cap has-medium-font-size\">Les locaux de Lauterbourg \u00e9taient devenus trop exigus&nbsp;: l\u2019\u00e9picerie sociale de l\u2019association Repartir a \u00e9lu domicile dans un ancien restaurant de Schaffhouse-pr\u00e8s-Seltz et rouvrira la semaine prochaine.<\/p>\n\n\n\n<figure class=\"wp-block-image size-full is-style-default\"><img loading=\"lazy\" decoding=\"async\" width=\"1000\" height=\"500\" src=\"https:\/\/association-repartir.fr\/repartir\/wp-content\/uploads\/2020\/10\/23102020.jpg\" alt=\"\" class=\"wp-image-185\" srcset=\"https:\/\/association-repartir.fr\/repartir\/wp-content\/uploads\/2020\/10\/23102020.jpg 1000w, https:\/\/association-repartir.fr\/repartir\/wp-content\/uploads\/2020\/10\/23102020-300x150.jpg 300w, https:\/\/association-repartir.fr\/repartir\/wp-content\/uploads\/2020\/10\/23102020-768x384.jpg 768w\" sizes=\"auto, (max-width: 1000px) 100vw, 1000px\" \/><\/figure>\n\n\n\n<p><\/p>\n<\/div><\/div>\n\n\n\n<p>\u00ab&nbsp;On y \u00e9tait bien pendant quinze ans, \u00e0 Lauterbourg&nbsp;\u00bb, se souvient Martine Sutter, la pr\u00e9sidente de l\u2019association Repartir, qui g\u00e8re l\u2019\u00e9picerie sociale. Mais les contraintes pratiques ont souvent le dernier mot. \u00ab&nbsp;Les locaux \u00e9taient trop petits, l\u2019espace de stockage ne suffisait plus. On cohabitait aussi avec une classe de l\u2019\u00e9cole qui se trouvait juste \u00e0 c\u00f4t\u00e9&nbsp;: il fallait s\u2019arranger pour que les livraisons tombent \u00e0 des heures o\u00f9 les \u00e9l\u00e8ves n\u2019\u00e9taient pas l\u00e0. En \u00e9t\u00e9, il faisait tr\u00e8s chaud dans le local avec les cong\u00e9lateurs et les frigos qui tournaient. \u00c7a faisait d\u00e9j\u00e0 deux ans qu\u2019on r\u00e9fl\u00e9chissait \u00e0 d\u00e9m\u00e9nager, et avec le Covid-19, le manque de place \u00e9tait encore plus probl\u00e9matique.&nbsp;\u00bb Le week-end des 17 et 18&nbsp;octobre, l\u2019association Repartir a donc chang\u00e9 de local.<\/p>\n\n\n\n<!--more-->\n\n\n\n<h2 class=\"wp-block-heading\">Un ancien restaurant pour nouveau local<\/h2>\n\n\n\n<p>L\u2019\u00e9picerie sociale a \u00e9lu domicile dans les locaux de l\u2019ancien restaurant Au Meyerhof, pr\u00e8s de la sortie de Schaffhouse-pr\u00e8s-Seltz vers Niederroedern. \u00ab&nbsp;C\u2019est pratique aussi pour les b\u00e9n\u00e9ficiaires qui viennent des secteurs de Hatten, Betschdorf et Soultz&nbsp;\u00bb, pr\u00e9cise Martine Sutter. Apr\u00e8s quelques travaux men\u00e9s en ao\u00fbt, ce nouveau b\u00e2timent accueillera donc plus facilement les denr\u00e9es de l\u2019\u00e9picerie sociale, notamment les fruits et l\u00e9gumes dans la chambre froide, mais aussi les ateliers de redynamisation (de cuisine, de travaux d\u2019aiguille, de bricolage) pour les b\u00e9n\u00e9ficiaires, qui avaient auparavant lieu \u00e0 la salle polyvalente de Beinheim. \u00ab&nbsp;C\u2019est un gros avantage, se r\u00e9jouit Martine Sutter, d\u2019autant que la cuisine du restaurant pourra aussi nous servir.&nbsp;\u00bb Ce d\u00e9m\u00e9nagement implique aussi pour l\u2019association un loyer \u00e0 verser, ce qui n\u2019\u00e9tait pas le cas dans les locaux de Lauterbourg.<\/p>\n\n\n\n<figure class=\"wp-block-gallery columns-3 is-cropped wp-block-gallery-1 is-layout-flex wp-block-gallery-is-layout-flex\"><ul class=\"blocks-gallery-grid\"><li class=\"blocks-gallery-item\"><figure><img loading=\"lazy\" decoding=\"async\" width=\"1024\" height=\"768\" src=\"https:\/\/association-repartir.fr\/repartir\/wp-content\/uploads\/2020\/10\/IMG_0373-1024x768.jpg\" alt=\"\" data-id=\"192\" data-full-url=\"https:\/\/association-repartir.fr\/repartir\/wp-content\/uploads\/2020\/10\/IMG_0373-scaled.jpg\" data-link=\"https:\/\/association-repartir.fr\/repartir\/index.php\/2020\/10\/23\/lepicerie-sociale-repartir-a-demenage\/img_0373\/\" class=\"wp-image-192\" srcset=\"https:\/\/association-repartir.fr\/repartir\/wp-content\/uploads\/2020\/10\/IMG_0373-1024x768.jpg 1024w, https:\/\/association-repartir.fr\/repartir\/wp-content\/uploads\/2020\/10\/IMG_0373-300x225.jpg 300w, https:\/\/association-repartir.fr\/repartir\/wp-content\/uploads\/2020\/10\/IMG_0373-768x576.jpg 768w, https:\/\/association-repartir.fr\/repartir\/wp-content\/uploads\/2020\/10\/IMG_0373-1536x1152.jpg 1536w, https:\/\/association-repartir.fr\/repartir\/wp-content\/uploads\/2020\/10\/IMG_0373-2048x1536.jpg 2048w\" sizes=\"auto, (max-width: 1024px) 100vw, 1024px\" \/><\/figure><\/li><li class=\"blocks-gallery-item\"><figure><img loading=\"lazy\" decoding=\"async\" width=\"1024\" height=\"681\" src=\"https:\/\/association-repartir.fr\/repartir\/wp-content\/uploads\/2020\/10\/200116400017_119997-1024x681.jpg\" alt=\"\" data-id=\"193\" data-full-url=\"https:\/\/association-repartir.fr\/repartir\/wp-content\/uploads\/2020\/10\/200116400017_119997.jpg\" data-link=\"https:\/\/association-repartir.fr\/repartir\/index.php\/2020\/10\/23\/lepicerie-sociale-repartir-a-demenage\/200116400017_119997\/\" class=\"wp-image-193\" srcset=\"https:\/\/association-repartir.fr\/repartir\/wp-content\/uploads\/2020\/10\/200116400017_119997-1024x681.jpg 1024w, https:\/\/association-repartir.fr\/repartir\/wp-content\/uploads\/2020\/10\/200116400017_119997-300x199.jpg 300w, https:\/\/association-repartir.fr\/repartir\/wp-content\/uploads\/2020\/10\/200116400017_119997-768x511.jpg 768w, https:\/\/association-repartir.fr\/repartir\/wp-content\/uploads\/2020\/10\/200116400017_119997.jpg 1280w\" sizes=\"auto, (max-width: 1024px) 100vw, 1024px\" \/><\/figure><\/li><li class=\"blocks-gallery-item\"><figure><img loading=\"lazy\" decoding=\"async\" width=\"1024\" height=\"576\" src=\"https:\/\/association-repartir.fr\/repartir\/wp-content\/uploads\/2020\/10\/IMG-20201017-WA0002-1024x576.jpg\" alt=\"\" data-id=\"194\" data-full-url=\"https:\/\/association-repartir.fr\/repartir\/wp-content\/uploads\/2020\/10\/IMG-20201017-WA0002.jpg\" data-link=\"https:\/\/association-repartir.fr\/repartir\/index.php\/2020\/10\/23\/lepicerie-sociale-repartir-a-demenage\/img-20201017-wa0002\/\" class=\"wp-image-194\" srcset=\"https:\/\/association-repartir.fr\/repartir\/wp-content\/uploads\/2020\/10\/IMG-20201017-WA0002-1024x576.jpg 1024w, https:\/\/association-repartir.fr\/repartir\/wp-content\/uploads\/2020\/10\/IMG-20201017-WA0002-300x169.jpg 300w, https:\/\/association-repartir.fr\/repartir\/wp-content\/uploads\/2020\/10\/IMG-20201017-WA0002-768x432.jpg 768w, https:\/\/association-repartir.fr\/repartir\/wp-content\/uploads\/2020\/10\/IMG-20201017-WA0002.jpg 1328w\" sizes=\"auto, (max-width: 1024px) 100vw, 1024px\" \/><\/figure><\/li><\/ul><\/figure>\n\n\n\n<p><\/p>\n\n\n\n<h2 class=\"wp-block-heading\">L\u2019\u00e9picerie sociale rouvre la semaine prochaine<\/h2>\n\n\n\n<p>Pour l\u2019instant, l\u2019\u00e9picerie sociale est encore ferm\u00e9e. Histoire de laisser le temps aux b\u00e9n\u00e9voles, dont certains bricoleurs \u00e9taient l\u00e0 \u00ab&nbsp;tous les jours pendant l\u2019\u00e9t\u00e9&nbsp;\u00bb, souligne Martine Sutter, d\u2019apporter quelques finitions et de r\u00e9gler les derniers d\u00e9tails pratiques. L\u2019\u00e9picerie sociale soutient actuellement une trentaine de familles sur un territoire s\u2019\u00e9tendant le long de la bande rh\u00e9nane jusqu\u2019\u00e0 Stattmatten au sud et Lauterbourg au Nord, et qui comprend aussi Soultz-sous-For\u00eats et les communes autour de Wissembourg, qui a sa propre \u00e9picerie sociale. L\u2019association Repartir compte une trentaine de membres actifs. Elle devrait rouvrir ses portes mercredi 28&nbsp;octobre, o\u00f9 elle accueillera \u00e0 nouveau les b\u00e9n\u00e9ficiaires sur rendez-vous.<\/p>\n","protected":false},"excerpt":{"rendered":"<p>Les locaux de Lauterbourg \u00e9taient devenus trop exigus&nbsp;: l\u2019\u00e9picerie sociale de l\u2019association Repartir a \u00e9lu domicile dans un ancien restaurant de Schaffhouse-pr\u00e8s-Seltz et rouvrira la semaine prochaine. \u00ab&nbsp;On y \u00e9tait bien pendant quinze ans, \u00e0 Lauterbourg&nbsp;\u00bb, se souvient Martine Sutter, la pr\u00e9sidente de l\u2019association Repartir, qui g\u00e8re l\u2019\u00e9picerie sociale. Mais les contraintes pratiques ont souvent [&hellip;]<\/p>\n","protected":false},"author":1,"featured_media":0,"comment_status":"open","ping_status":"open","sticky":false,"template":"","format":"standard","meta":{"footnotes":""},"categories":[4],"tags":[],"class_list":["post-184","post","type-post","status-publish","format-standard","hentry","category-nos-actions"],"_links":{"self":[{"href":"https:\/\/association-repartir.fr\/repartir\/index.php\/wp-json\/wp\/v2\/posts\/184","targetHints":{"allow":["GET"]}}],"collection":[{"href":"https:\/\/association-repartir.fr\/repartir\/index.php\/wp-json\/wp\/v2\/posts"}],"about":[{"href":"https:\/\/association-repartir.fr\/repartir\/index.php\/wp-json\/wp\/v2\/types\/post"}],"author":[{"embeddable":true,"href":"https:\/\/association-repartir.fr\/repartir\/index.php\/wp-json\/wp\/v2\/users\/1"}],"replies":[{"embeddable":true,"href":"https:\/\/association-repartir.fr\/repartir\/index.php\/wp-json\/wp\/v2\/comments?post=184"}],"version-history":[{"count":6,"href":"https:\/\/association-repartir.fr\/repartir\/index.php\/wp-json\/wp\/v2\/posts\/184\/revisions"}],"predecessor-version":[{"id":197,"href":"https:\/\/association-repartir.fr\/repartir\/index.php\/wp-json\/wp\/v2\/posts\/184\/revisions\/197"}],"wp:attachment":[{"href":"https:\/\/association-repartir.fr\/repartir\/index.php\/wp-json\/wp\/v2\/media?parent=184"}],"wp:term":[{"taxonomy":"category","embeddable":true,"href":"https:\/\/association-repartir.fr\/repartir\/index.php\/wp-json\/wp\/v2\/categories?post=184"},{"taxonomy":"post_tag","embeddable":true,"href":"https:\/\/association-repartir.fr\/repartir\/index.php\/wp-json\/wp\/v2\/tags?post=184"}],"curies":[{"name":"wp","href":"https:\/\/api.w.org\/{rel}","templated":true}]}}