{"id":100,"date":"2020-09-27T09:35:40","date_gmt":"2020-09-27T07:35:40","guid":{"rendered":"https:\/\/association-repartir.fr\/repartir\/?p=100"},"modified":"2020-09-27T12:03:03","modified_gmt":"2020-09-27T10:03:03","slug":"demenagement-imminent","status":"publish","type":"post","link":"https:\/\/association-repartir.fr\/repartir\/index.php\/2020\/09\/27\/demenagement-imminent\/","title":{"rendered":"D\u00e9m\u00e9nagement imminent"},"content":{"rendered":"\n<p class=\"has-drop-cap\">L\u2019assembl\u00e9e g\u00e9n\u00e9rale de l\u2019association Repartir, initialement pr\u00e9vue en mai, a \u00e9t\u00e9 report\u00e9e en raison du contexte sanitaire. Elle a pu se tenir mardi 22&nbsp;septembre, \u00e0 l\u2019Espace Vauban de la commune de Rountzenheim-Auenheim. Une trentaine de personnes y ont assist\u00e9.<\/p>\n\n\n\n<div class=\"wp-block-image\"><figure class=\"alignright size-large is-resized\"><img loading=\"lazy\" decoding=\"async\" src=\"https:\/\/association-repartir.fr\/repartir\/wp-content\/uploads\/2020\/09\/rep270920-1.jpg\" alt=\"\" class=\"wp-image-101\" width=\"382\" height=\"191\" srcset=\"https:\/\/association-repartir.fr\/repartir\/wp-content\/uploads\/2020\/09\/rep270920-1.jpg 1000w, https:\/\/association-repartir.fr\/repartir\/wp-content\/uploads\/2020\/09\/rep270920-1-300x150.jpg 300w, https:\/\/association-repartir.fr\/repartir\/wp-content\/uploads\/2020\/09\/rep270920-1-768x384.jpg 768w, https:\/\/association-repartir.fr\/repartir\/wp-content\/uploads\/2020\/09\/rep270920-1-370x185.jpg 370w\" sizes=\"auto, (max-width: 382px) 100vw, 382px\" \/><\/figure><\/div>\n\n\n\n<p>La pr\u00e9sidente de l\u2019association, Martine Sutter, a pr\u00e9sid\u00e9 cette 23<sup>\u00e8me<\/sup>&nbsp;AG et, en pr\u00e9ambule, a notamment remerci\u00e9 les \u00e9lus locaux pr\u00e9sents (Neuhaeusel, Rountzenheim, Schaffhouse-pr\u00e8s-Seltz, Scheibenhard, Soultz-sous-For\u00eats) les travailleurs sociaux et autres partenaires. Elle a par ailleurs remerci\u00e9 la commune pour l\u2019accueil et la mise \u00e0 disposition de la salle.<\/p>\n\n\n\n<!--more-->\n\n\n\n<p>L\u2019ordre du jour a \u00e9t\u00e9 d\u00e9roul\u00e9 avec efficacit\u00e9. Le PV de l\u2019assembl\u00e9e g\u00e9n\u00e9rale pr\u00e9c\u00e9dente a \u00e9t\u00e9 adopt\u00e9, ainsi que le rapport moral. La pr\u00e9sidente a fait part de la poursuite de la baisse de fr\u00e9quentation de l\u2019\u00e9picerie sociale, du moins en nombre de familles suivies (116 en 2019 contre 173 en 2015). Elle a cependant soulign\u00e9 que cette \u00e9volution est bien moindre en termes de biens de consommation, les besoins restant importants.<\/p>\n\n\n\n<p>Elle a aussi \u00e9voqu\u00e9 les p\u00e9rip\u00e9ties pour trouver un local, plus grand, mieux adapt\u00e9, local qui semblait avoir \u00e9t\u00e9 d\u00e9nich\u00e9 \u00e0 Seltz et le d\u00e9m\u00e9nagement \u00e9tait alors envisag\u00e9 courant 2019. Le propri\u00e9taire s\u2019\u00e9tant finalement r\u00e9tract\u00e9, en d\u00e9but d\u2019ann\u00e9e 2020, Repartir se retrouvait au point z\u00e9ro.<\/p>\n\n\n\n<p>Mais c\u2019\u00e9tait pour mieux\u2026 rebondir. Une solution a \u00e9t\u00e9 trouv\u00e9e&nbsp;: un ancien restaurant \u00e0 Schaffhouse-pr\u00e8s-Seltz. Des travaux de r\u00e9novation ont \u00e9t\u00e9 engag\u00e9s par l\u2019\u00e9quipe de b\u00e9n\u00e9voles de l\u2019association et un d\u00e9m\u00e9nagement imminent en cours d\u2019organisation pour octobre.<\/p>\n\n\n\n<div class=\"wp-block-image is-style-rounded\"><figure class=\"aligncenter size-large is-resized\"><img loading=\"lazy\" decoding=\"async\" src=\"https:\/\/association-repartir.fr\/repartir\/wp-content\/uploads\/2020\/09\/rep270920-2.jpg\" alt=\"\" class=\"wp-image-102\" width=\"679\" height=\"340\" srcset=\"https:\/\/association-repartir.fr\/repartir\/wp-content\/uploads\/2020\/09\/rep270920-2.jpg 1000w, https:\/\/association-repartir.fr\/repartir\/wp-content\/uploads\/2020\/09\/rep270920-2-300x150.jpg 300w, https:\/\/association-repartir.fr\/repartir\/wp-content\/uploads\/2020\/09\/rep270920-2-768x384.jpg 768w, https:\/\/association-repartir.fr\/repartir\/wp-content\/uploads\/2020\/09\/rep270920-2-370x185.jpg 370w\" sizes=\"auto, (max-width: 679px) 100vw, 679px\" \/><\/figure><\/div>\n\n\n\n<p>Enfin, Martine a expliqu\u00e9 comment l\u2019\u00e9picerie a d\u00fb innover sans cesse depuis le mois de mars, en fonction des mesures sanitaires, pour poursuivre son action aupr\u00e8s des b\u00e9n\u00e9ficiaires&nbsp;: fonctionnement en mode \u00ab&nbsp;drive&nbsp;\u00bb, sous forme de colis (genre \u00ab&nbsp;paniers fra\u00eecheur&nbsp;\u00bb), voire livraison \u00e0 domicile,&nbsp;etc.<\/p>\n\n\n\n<p>Elle a vivement remerci\u00e9 ses \u00e9quipes pour leur r\u00e9activit\u00e9, leur investissement et les travaux r\u00e9alis\u00e9s par ses hommes aux \u00ab&nbsp;mains d\u2019or&nbsp;\u00bb.<\/p>\n\n\n\n<h2 class=\"wp-block-heading\"><strong>Hommage \u00e0 Lucien Heinrich, membre du comit\u00e9 d\u00e9c\u00e9d\u00e9 en d\u00e9cembre dernier<\/strong><\/h2>\n\n\n\n<p>Edmond Gross, vice-pr\u00e9sident, a ensuite pr\u00e9sent\u00e9 les rapports d\u2019activit\u00e9 de l\u2019\u00e9picerie et des ateliers de redynamisation. Marie-Rose Grossmann, tr\u00e9sori\u00e8re, a encha\u00een\u00e9 en pr\u00e9sentant le rapport financier, le rapport d\u2019expertise du cabinet Mazars, ainsi que le budget pr\u00e9visionnel 2020. Tous ont \u00e9t\u00e9 adopt\u00e9s.<\/p>\n\n\n\n<p>Apr\u00e8s quelques rares questions et remarques du public, la pr\u00e9sidente a conclu la r\u00e9union en rendant tout d\u2019abord hommage \u00e0 Lucien Heinrich, membre du comit\u00e9 d\u00e9c\u00e9d\u00e9 en d\u00e9cembre dernier, et en remerciant tous les partenaires (\u00c9tat, conseil d\u00e9partemental, communaut\u00e9s de Communes, mairies, CCAS,&nbsp;etc., tout particuli\u00e8rement la Ville de Lauterbourg qui a h\u00e9berg\u00e9 gracieusement durant plus de quinze ans l\u2019association), les b\u00e9n\u00e9voles, animateurs d\u2019ateliers, salari\u00e9s et coll\u00e8gues du conseil administratif.<\/p>\n","protected":false},"excerpt":{"rendered":"<p>L\u2019assembl\u00e9e g\u00e9n\u00e9rale de l\u2019association Repartir, initialement pr\u00e9vue en mai, a \u00e9t\u00e9 report\u00e9e en raison du contexte sanitaire. Elle a pu se tenir mardi 22&nbsp;septembre, \u00e0 l\u2019Espace Vauban de la commune de Rountzenheim-Auenheim. Une trentaine de personnes y ont assist\u00e9. La pr\u00e9sidente de l\u2019association, Martine Sutter, a pr\u00e9sid\u00e9 cette 23\u00e8me&nbsp;AG et, en pr\u00e9ambule, a notamment remerci\u00e9 [&hellip;]<\/p>\n","protected":false},"author":1,"featured_media":0,"comment_status":"open","ping_status":"open","sticky":false,"template":"","format":"standard","meta":{"footnotes":""},"categories":[4],"tags":[],"class_list":["post-100","post","type-post","status-publish","format-standard","hentry","category-nos-actions"],"_links":{"self":[{"href":"https:\/\/association-repartir.fr\/repartir\/index.php\/wp-json\/wp\/v2\/posts\/100","targetHints":{"allow":["GET"]}}],"collection":[{"href":"https:\/\/association-repartir.fr\/repartir\/index.php\/wp-json\/wp\/v2\/posts"}],"about":[{"href":"https:\/\/association-repartir.fr\/repartir\/index.php\/wp-json\/wp\/v2\/types\/post"}],"author":[{"embeddable":true,"href":"https:\/\/association-repartir.fr\/repartir\/index.php\/wp-json\/wp\/v2\/users\/1"}],"replies":[{"embeddable":true,"href":"https:\/\/association-repartir.fr\/repartir\/index.php\/wp-json\/wp\/v2\/comments?post=100"}],"version-history":[{"count":12,"href":"https:\/\/association-repartir.fr\/repartir\/index.php\/wp-json\/wp\/v2\/posts\/100\/revisions"}],"predecessor-version":[{"id":175,"href":"https:\/\/association-repartir.fr\/repartir\/index.php\/wp-json\/wp\/v2\/posts\/100\/revisions\/175"}],"wp:attachment":[{"href":"https:\/\/association-repartir.fr\/repartir\/index.php\/wp-json\/wp\/v2\/media?parent=100"}],"wp:term":[{"taxonomy":"category","embeddable":true,"href":"https:\/\/association-repartir.fr\/repartir\/index.php\/wp-json\/wp\/v2\/categories?post=100"},{"taxonomy":"post_tag","embeddable":true,"href":"https:\/\/association-repartir.fr\/repartir\/index.php\/wp-json\/wp\/v2\/tags?post=100"}],"curies":[{"name":"wp","href":"https:\/\/api.w.org\/{rel}","templated":true}]}}